{"id":2956,"date":"2024-11-11T09:50:04","date_gmt":"2024-11-11T12:50:04","guid":{"rendered":"https:\/\/edicionuno.com.ar\/?p=2956"},"modified":"2025-01-13T09:32:48","modified_gmt":"2025-01-13T12:32:48","slug":"a-la-salida-del-partido-de-rosario-central-mataron-a-tiros-al-jefe-de-la-barra-y-a-su-ladero","status":"publish","type":"post","link":"https:\/\/edicionuno.com.ar\/?p=2956","title":{"rendered":"A la salida del partido de Rosario Central mataron a tiros al jefe de la barra y a su ladero"},"content":{"rendered":"\n<p>Andr\u00e9s&nbsp;<strong>\u00abPill\u00edn\u00bb Bracamonte, el hist\u00f3rico l\u00edder de la barra brava de Rosario Central, fue asesinado a balazos<\/strong>&nbsp;este s\u00e1bado por la noche cuando sal\u00eda del Gigante de Arroyito, tras el partido que el equipo de Arroyito perdi\u00f3 ante San Lorenzo.&nbsp;<strong>Tambi\u00e9n muri\u00f3 otro barra que iba junto a \u00abPill\u00edn\u00bb<\/strong>&nbsp;en su camioneta, que fue identificado como \u00abRana\u00bb Atardo, quien era el \u00absegundo\u00bb en los altos mandos.<\/p>\n\n\n\n<p>\u00abPill\u00edn\u00bb Bracamonte, que hace d\u00e9cadas lideraba la barra brava de Rosario Central, fue ultimado a balazos este s\u00e1bado por la noche&nbsp;<strong>en la zona de Avellaneda e Ibarlucea<\/strong>. Junto a \u00e9l estaba en la camioneta otro barra, identificado como Daniel \u00abRana\u00bb Atardo, que tambi\u00e9n muri\u00f3.&nbsp;<strong>Fueron trasladados al hospital Centenario, donde se confirm\u00f3 el deceso de ambos<\/strong>.&nbsp;<\/p>\n\n\n\n<figure class=\"wp-block-image\"><img decoding=\"async\" src=\"https:\/\/www.rosario3.com\/export\/sites\/rosario3\/img\/2024\/11\/09\/whatsapp_image_2024-11-09_at_22_57_40.jpeg_956867179.jpeg\" alt=\"\" title=\"\"\/><figcaption class=\"wp-element-caption\">La camioneta en la que sufrieron la balacera mortal Pill\u00edn Bracamonte y Rana Atardo<\/figcaption><\/figure>\n\n\n\n<p>\u00abPill\u00edn\u00bb Bracamonte ya hab\u00eda sido atacado en varias oportunidades en los \u00faltimos tiempos. De hecho,&nbsp;fue baleado en las inmediaciones del Gigante luego del \u00faltimo cl\u00e1sico&nbsp;que Central le gan\u00f3 a Newell\u2019s en Arroyito.&nbsp;<\/p>\n\n\n\n<p>Andr\u00e9s Bracamonte tambi\u00e9n hab\u00eda sido noticia en las \u00faltimas horas, tras recibir este viernes un&nbsp;pedido de&nbsp;condena a dos a\u00f1os de prisi\u00f3n por violencia de g\u00e9nero&nbsp;contra su ex pareja.&nbsp;<\/p>\n\n\n\n<p>Todo hac\u00eda pensar que al l\u00edder de la barra brava de Central&nbsp;<strong>lo estaban buscando&nbsp;y \u00abse la ten\u00edan jurada\u00bb<\/strong>. Lo fueron a buscar una vez m\u00e1s este s\u00e1bado, cuando sal\u00eda del estadio tras el partido de Central con San Lorenzo, y&nbsp;<strong>esta vez el ataque termin\u00f3 con su vida<\/strong>.&nbsp;<\/p>\n\n\n\n<p>Ahora comenzar\u00e1n las investigaciones para determinar cu\u00e1l fue el m\u00f3vil del&nbsp;<strong>doble crimen de Bracamonte y Atardo<\/strong>. Una l\u00ednea l\u00f3gica ser\u00eda&nbsp;<strong>una interna de la barra canalla<\/strong>. Por lo pronto, la Polic\u00eda hab\u00eda reforzado la custodia frente al Hospital Centenario, donde todav\u00eda estaba el cuerpo de \u00abPill\u00edn\u00bb Bracamonte y el de \u00abRana\u00bb Atardo.&nbsp;<\/p>\n\n\n\n<figure class=\"wp-block-image\"><img decoding=\"async\" src=\"https:\/\/www.rosario3.com\/export\/sites\/rosario3\/img\/2024\/11\/09\/whatsapp_image_2024-11-09_at_22_59_14.jpeg_347084436.jpeg\" alt=\"\" title=\"\"\/><figcaption class=\"wp-element-caption\">El ministerio de Seguridad reforz\u00f3 la custodia frente al hospital Centenario<\/figcaption><\/figure>\n","protected":false},"excerpt":{"rendered":"<p>Andr\u00e9s&nbsp;\u00abPill\u00edn\u00bb Bracamonte, el hist\u00f3rico l\u00edder de la barra brava de Rosario Central, fue asesinado a&#8230;<\/p>\n","protected":false},"author":2,"featured_media":2967,"comment_status":"closed","ping_status":"open","sticky":false,"template":"","format":"standard","meta":{"footnotes":""},"categories":[1],"tags":[],"class_list":["post-2956","post","type-post","status-publish","format-standard","has-post-thumbnail","hentry","category-generales"],"aioseo_notices":[],"featured_image_urls":{"full":["https:\/\/edicionuno.com.ar\/wp-content\/uploads\/el-lugar-donde-mataron-al-barrabrava-hector-pillin-bracamonte-en-rosario-1908882.jpg",900,506,false],"thumbnail":["https:\/\/edicionuno.com.ar\/wp-content\/uploads\/el-lugar-donde-mataron-al-barrabrava-hector-pillin-bracamonte-en-rosario-1908882-150x150.jpg",150,150,true],"medium":["https:\/\/edicionuno.com.ar\/wp-content\/uploads\/el-lugar-donde-mataron-al-barrabrava-hector-pillin-bracamonte-en-rosario-1908882-300x169.jpg",300,169,true],"medium_large":["https:\/\/edicionuno.com.ar\/wp-content\/uploads\/el-lugar-donde-mataron-al-barrabrava-hector-pillin-bracamonte-en-rosario-1908882-768x432.jpg",640,360,true],"large":["https:\/\/edicionuno.com.ar\/wp-content\/uploads\/el-lugar-donde-mataron-al-barrabrava-hector-pillin-bracamonte-en-rosario-1908882.jpg",640,360,false],"1536x1536":["https:\/\/edicionuno.com.ar\/wp-content\/uploads\/el-lugar-donde-mataron-al-barrabrava-hector-pillin-bracamonte-en-rosario-1908882.jpg",900,506,false],"2048x2048":["https:\/\/edicionuno.com.ar\/wp-content\/uploads\/el-lugar-donde-mataron-al-barrabrava-hector-pillin-bracamonte-en-rosario-1908882.jpg",900,506,false],"covernews-slider-full":["https:\/\/edicionuno.com.ar\/wp-content\/uploads\/el-lugar-donde-mataron-al-barrabrava-hector-pillin-bracamonte-en-rosario-1908882.jpg",900,506,false],"covernews-slider-center":["https:\/\/edicionuno.com.ar\/wp-content\/uploads\/el-lugar-donde-mataron-al-barrabrava-hector-pillin-bracamonte-en-rosario-1908882-800x500.jpg",800,500,true],"covernews-featured":["https:\/\/edicionuno.com.ar\/wp-content\/uploads\/el-lugar-donde-mataron-al-barrabrava-hector-pillin-bracamonte-en-rosario-1908882.jpg",900,506,false],"covernews-medium":["https:\/\/edicionuno.com.ar\/wp-content\/uploads\/el-lugar-donde-mataron-al-barrabrava-hector-pillin-bracamonte-en-rosario-1908882-540x340.jpg",540,340,true],"covernews-medium-square":["https:\/\/edicionuno.com.ar\/wp-content\/uploads\/el-lugar-donde-mataron-al-barrabrava-hector-pillin-bracamonte-en-rosario-1908882-400x250.jpg",400,250,true]},"author_info":{"info":["Edici\u00f3n Uno"]},"category_info":"<a href=\"https:\/\/edicionuno.com.ar\/?cat=1\" rel=\"category\">Generales<\/a>","tag_info":"Generales","comment_count":"0","_links":{"self":[{"href":"https:\/\/edicionuno.com.ar\/index.php?rest_route=\/wp\/v2\/posts\/2956"}],"collection":[{"href":"https:\/\/edicionuno.com.ar\/index.php?rest_route=\/wp\/v2\/posts"}],"about":[{"href":"https:\/\/edicionuno.com.ar\/index.php?rest_route=\/wp\/v2\/types\/post"}],"author":[{"embeddable":true,"href":"https:\/\/edicionuno.com.ar\/index.php?rest_route=\/wp\/v2\/users\/2"}],"replies":[{"embeddable":true,"href":"https:\/\/edicionuno.com.ar\/index.php?rest_route=%2Fwp%2Fv2%2Fcomments&post=2956"}],"version-history":[{"count":1,"href":"https:\/\/edicionuno.com.ar\/index.php?rest_route=\/wp\/v2\/posts\/2956\/revisions"}],"predecessor-version":[{"id":2968,"href":"https:\/\/edicionuno.com.ar\/index.php?rest_route=\/wp\/v2\/posts\/2956\/revisions\/2968"}],"wp:featuredmedia":[{"embeddable":true,"href":"https:\/\/edicionuno.com.ar\/index.php?rest_route=\/wp\/v2\/media\/2967"}],"wp:attachment":[{"href":"https:\/\/edicionuno.com.ar\/index.php?rest_route=%2Fwp%2Fv2%2Fmedia&parent=2956"}],"wp:term":[{"taxonomy":"category","embeddable":true,"href":"https:\/\/edicionuno.com.ar\/index.php?rest_route=%2Fwp%2Fv2%2Fcategories&post=2956"},{"taxonomy":"post_tag","embeddable":true,"href":"https:\/\/edicionuno.com.ar\/index.php?rest_route=%2Fwp%2Fv2%2Ftags&post=2956"}],"curies":[{"name":"wp","href":"https:\/\/api.w.org\/{rel}","templated":true}]}}