{"id":5396,"date":"2025-12-22T11:45:59","date_gmt":"2025-12-22T14:45:59","guid":{"rendered":"https:\/\/edicionuno.com.ar\/?p=5396"},"modified":"2025-12-22T11:46:00","modified_gmt":"2025-12-22T14:46:00","slug":"pullaro-el-camino-que-viene-para-la-provincia-es-la-inteligencia-artificial-y-la-digitalizacion","status":"publish","type":"post","link":"https:\/\/edicionuno.com.ar\/?p=5396","title":{"rendered":"Pullaro: \u201cEl camino que viene para la provincia es la inteligencia artificial y la digitalizaci\u00f3n\u201d"},"content":{"rendered":"\n<p>El gobernador Maximiliano Pullaro mantuvo un encuentro de trabajo con autoridades de la Bolsa de Comercio de Rosario (BCR), en el que rindi\u00f3 cuentas de lo realizado durante los primeros dos a\u00f1os de su gesti\u00f3n y detall\u00f3 cu\u00e1les son los objetivos estrat\u00e9gicos de la etapa que se inicia.<br><br>Durante la reuni\u00f3n, Pullaro remarc\u00f3 que \u201ccomo Gobierno Provincial es muy importante rendir cuentas de lo que hicimos y de lo que vamos a hacer\u201d, y explic\u00f3 que la elecci\u00f3n de la BCR como \u00e1mbito del encuentro respondi\u00f3 a la voluntad de \u201ccontar los objetivos alcanzados de nuestro plan de gobierno y compartir hacia d\u00f3nde va la segunda etapa\u201d. En ese marco, subray\u00f3 que uno de los ejes centrales es que \u201cla provincia logre mayores niveles de competitividad\u201d.<br><br>En relaci\u00f3n con la situaci\u00f3n econ\u00f3mica, el gobernador se\u00f1al\u00f3 que al inicio de la gesti\u00f3n \u201cexist\u00edan problemas financieros\u201d, pero destac\u00f3 que \u201cllegamos a junio con un peque\u00f1o super\u00e1vit, producto de una reducci\u00f3n del 40 % en el gasto de cada uno de los ministerios\u201d, lo que permiti\u00f3 demostrar que \u201cel Estado pod\u00eda ser eficiente\u201d. En materia de seguridad p\u00fablica, afirm\u00f3 que se abordaron \u201cproblemas urgentes que era necesario resolver para poder avanzar\u201d y sostuvo que \u201c2024 y 2025 fueron los a\u00f1os de menor violencia del siglo\u201d.<br><br>Pullaro tambi\u00e9n hizo referencia al estado de la infraestructura al asumir: \u201cNos encontramos con una infraestructura vial, productiva y log\u00edstica sumamente deteriorada\u201d. Frente a ese diagn\u00f3stico, explic\u00f3 que se desarroll\u00f3 un ambicioso plan de obra p\u00fablica, entendiendo que \u201cpara mejorar la competitividad de la provincia era imprescindible invertir\u201d. En ese sentido, precis\u00f3 que durante el \u00faltimo a\u00f1o la inversi\u00f3n alcanz\u00f3 los 1.500 millones de d\u00f3lares. En el plano educativo, destac\u00f3 las pol\u00edticas orientadas a \u201creducir el ausentismo docente e incrementar la cantidad de d\u00edas de clase\u201d, con el objetivo de que \u201clos chicos est\u00e9n en las aulas incorporando conocimientos\u201d.<br><br>Al referirse a los desaf\u00edos actuales, el mandatario plante\u00f3 que \u201cel reto central es acercar el Estado a cada uno de los ciudadanos\u201d, lo que implica \u201ctener un Estado competitivo, eficiente, que no haga perder tiempo a los vecinos y que pueda desburocratizarse\u201d. En ese contexto, afirm\u00f3 que \u201cel camino que viene para la provincia es la inteligencia artificial y la digitalizaci\u00f3n\u201d, aunque aclar\u00f3 que ese proceso se impulsa \u201ca trav\u00e9s de un modelo de cercan\u00eda\u201d.<br><br>Durante el encuentro, funcionarios provinciales brindaron adem\u00e1s detalles sobre el sistema Lince, que integra herramientas de videovigilancia urbana, reconocimiento facial, lectura autom\u00e1tica de patentes, plataformas de inteligencia artificial y sistemas de alertas y emergencias aplicados a la seguridad p\u00fablica.<br><br><img decoding=\"async\" alt=\"\" src=\"https:\/\/www.santafe.gob.ar\/noticias\/recursos\/fotos\/2025\/12\/2025-12-19NID_284856O_2.jpeg\"><\/p>\n\n\n\n<p><strong>Articulaci\u00f3n p\u00fablico privada<\/strong><br>Por su parte, el presidente de la Bolsa de Comercio de Rosario, Pablo Bortolato, agradeci\u00f3 \u201cal gobernador por estar hoy en la Bolsa para compartir este balance de gesti\u00f3n y los lineamientos de la segunda etapa del gobierno provincial\u201d. Consider\u00f3 que se trata de \u201cun gesto valioso que confirma que cuando el sector p\u00fablico y el sector privado trabajan de manera articulada se generan procesos reales de acuerdo y desarrollo, con impacto directo en la provincia y en la producci\u00f3n\u201d.<br><br>Del encuentro participaron los ministros de Obras P\u00fablicas, Lisandro Enrico, y de Educaci\u00f3n, Jos\u00e9 Goity; los secretarios general de Gobernaci\u00f3n, Juan Cruz C\u00e1ndido; de Tecnolog\u00eda para la Gesti\u00f3n, Ignacio Tabares; de Comunicaci\u00f3n, Luis Persello; Legal y T\u00e9cnica, Julia Tornero; y de Coordinaci\u00f3n Ejecutiva del Ministerio de Desarrollo Productivo, Federico Carballeira; y el subsecretario de V\u00ednculos Estrat\u00e9gicos, Mart\u00edn Pullaro.<\/p>\n","protected":false},"excerpt":{"rendered":"<p>El gobernador Maximiliano Pullaro mantuvo un encuentro de trabajo con autoridades de la Bolsa de&#8230;<\/p>\n","protected":false},"author":2,"featured_media":5399,"comment_status":"open","ping_status":"open","sticky":false,"template":"","format":"standard","meta":{"footnotes":""},"categories":[17],"tags":[],"class_list":["post-5396","post","type-post","status-publish","format-standard","has-post-thumbnail","hentry","category-provincia-1"],"aioseo_notices":[],"featured_image_urls":{"full":["https:\/\/edicionuno.com.ar\/wp-content\/uploads\/2025-12-19NID_284856O_1.jpeg",1140,640,false],"thumbnail":["https:\/\/edicionuno.com.ar\/wp-content\/uploads\/2025-12-19NID_284856O_1-150x150.jpeg",150,150,true],"medium":["https:\/\/edicionuno.com.ar\/wp-content\/uploads\/2025-12-19NID_284856O_1-300x168.jpeg",300,168,true],"medium_large":["https:\/\/edicionuno.com.ar\/wp-content\/uploads\/2025-12-19NID_284856O_1-768x431.jpeg",640,359,true],"large":["https:\/\/edicionuno.com.ar\/wp-content\/uploads\/2025-12-19NID_284856O_1-1024x575.jpeg",640,359,true],"1536x1536":["https:\/\/edicionuno.com.ar\/wp-content\/uploads\/2025-12-19NID_284856O_1.jpeg",1140,640,false],"2048x2048":["https:\/\/edicionuno.com.ar\/wp-content\/uploads\/2025-12-19NID_284856O_1.jpeg",1140,640,false],"covernews-slider-full":["https:\/\/edicionuno.com.ar\/wp-content\/uploads\/2025-12-19NID_284856O_1-1115x640.jpeg",1115,640,true],"covernews-slider-center":["https:\/\/edicionuno.com.ar\/wp-content\/uploads\/2025-12-19NID_284856O_1-800x500.jpeg",800,500,true],"covernews-featured":["https:\/\/edicionuno.com.ar\/wp-content\/uploads\/2025-12-19NID_284856O_1-1024x575.jpeg",1024,575,true],"covernews-medium":["https:\/\/edicionuno.com.ar\/wp-content\/uploads\/2025-12-19NID_284856O_1-540x340.jpeg",540,340,true],"covernews-medium-square":["https:\/\/edicionuno.com.ar\/wp-content\/uploads\/2025-12-19NID_284856O_1-400x250.jpeg",400,250,true]},"author_info":{"info":["Edici\u00f3n Uno"]},"category_info":"<a href=\"https:\/\/edicionuno.com.ar\/?cat=17\" rel=\"category\">Provincia 1<\/a>","tag_info":"Provincia 1","comment_count":"0","_links":{"self":[{"href":"https:\/\/edicionuno.com.ar\/index.php?rest_route=\/wp\/v2\/posts\/5396"}],"collection":[{"href":"https:\/\/edicionuno.com.ar\/index.php?rest_route=\/wp\/v2\/posts"}],"about":[{"href":"https:\/\/edicionuno.com.ar\/index.php?rest_route=\/wp\/v2\/types\/post"}],"author":[{"embeddable":true,"href":"https:\/\/edicionuno.com.ar\/index.php?rest_route=\/wp\/v2\/users\/2"}],"replies":[{"embeddable":true,"href":"https:\/\/edicionuno.com.ar\/index.php?rest_route=%2Fwp%2Fv2%2Fcomments&post=5396"}],"version-history":[{"count":1,"href":"https:\/\/edicionuno.com.ar\/index.php?rest_route=\/wp\/v2\/posts\/5396\/revisions"}],"predecessor-version":[{"id":5400,"href":"https:\/\/edicionuno.com.ar\/index.php?rest_route=\/wp\/v2\/posts\/5396\/revisions\/5400"}],"wp:featuredmedia":[{"embeddable":true,"href":"https:\/\/edicionuno.com.ar\/index.php?rest_route=\/wp\/v2\/media\/5399"}],"wp:attachment":[{"href":"https:\/\/edicionuno.com.ar\/index.php?rest_route=%2Fwp%2Fv2%2Fmedia&parent=5396"}],"wp:term":[{"taxonomy":"category","embeddable":true,"href":"https:\/\/edicionuno.com.ar\/index.php?rest_route=%2Fwp%2Fv2%2Fcategories&post=5396"},{"taxonomy":"post_tag","embeddable":true,"href":"https:\/\/edicionuno.com.ar\/index.php?rest_route=%2Fwp%2Fv2%2Ftags&post=5396"}],"curies":[{"name":"wp","href":"https:\/\/api.w.org\/{rel}","templated":true}]}}