{"id":5735,"date":"2026-04-29T14:40:24","date_gmt":"2026-04-29T17:40:24","guid":{"rendered":"https:\/\/edicionuno.com.ar\/?p=5735"},"modified":"2026-04-29T14:40:25","modified_gmt":"2026-04-29T17:40:25","slug":"sueno-cumplido-para-190-familias-pullaro-encabezo-una-nueva-entrega-de-escrituras-de-viviendas-en-santa-fe","status":"publish","type":"post","link":"https:\/\/edicionuno.com.ar\/?p=5735","title":{"rendered":"Sue\u00f1o cumplido para 190 familias: Pullaro encabez\u00f3 una nueva entrega de escrituras de viviendas en Santa Fe"},"content":{"rendered":"\n<p>En el marco de la pol\u00edtica de regularizaci\u00f3n dominial, el gobernador Maximiliano Pullaro encabez\u00f3 este martes la entrega de 190 escrituras a familias de la ciudad de Santa Fe. Este documento otorga seguridad jur\u00eddica y garantiza que las viviendas son finalmente propias.<br><br>Con este acto, que se realiz\u00f3 el La Redonda, el Gobierno Provincial ya entreg\u00f3, durante esta gesti\u00f3n, m\u00e1s de 2.700 escrituras en todo el territorio santafesino, permitiendo a las familias poder terminar con una larga espera para contar con el t\u00edtulo de propiedad de sus viviendas.&nbsp;<br><br>Acompa\u00f1aron al gobernador el ministro de Obras P\u00fablicas, Lisandro Enrico; la vocera del gobierno provincial, Virginia Coudannes; el director Provincial de Vivienda y Urbanismo, Lucas Crivelli; el senador por el departamento La Capital, Julio \u201cPaco\u201d Garibaldi; y concejales de la ciudad.<\/p>\n\n\n\n<p><strong>Cuatro escrituras por d\u00eda de gesti\u00f3n<\/strong><br>Al respecto, Crivelli manifest\u00f3 que \u201cestos actos son enormemente emotivo, porque la gente muchas veces pasa a\u00f1os esperando su escritura. En este caso, fue en la ciudad de Santa Fe, pero dentro de poco vamos a estar en Santo Tom\u00e9, donde hay 40 familias m\u00e1s; y en Rosario, con 260. De esta manera, vamos a alcanzar las 3.000 escrituras entregadas durante la gesti\u00f3n del gobernador Maximiliano Pullaro, casi cuatro por d\u00eda\u201d.<br><br>A continuaci\u00f3n, el director provincial destac\u00f3 el trabajo conjunto con los colegios de \u201cagrimensores, para regularizar el suelo, y de escribanos\u201d y record\u00f3 que desde hace unos a\u00f1os la Direcci\u00f3n de Vivienda cuenta con un \u00e1rea notarial, son \u201cnueves escribanos fijos, haciendo escrituras\u201d. Todo esto permite que el \u201cproceso de regularizaci\u00f3n dominial, para que la gente verdaderamente se sienta due\u00f1o de su casa, se pueda hacer m\u00e1s r\u00e1pido\u201d.<br><br>\u201cLa escritura no es algo menor, es lo que va a permitir que puedan heredarse o hacer inversiones sobre la casa con la tranquilidad de que es un bien propio\u201d, destac\u00f3 Crivelli, al tiempo que record\u00f3 con estas entregas saldan \u201cuna deuda del Estado, porque muchas de las familias hace treinta a\u00f1os que tienen la casa o m\u00e1s\u201d.<br><br>Por \u00faltimo, record\u00f3 que los t\u00edtulos de propiedad que \u201cejecuta la Direcci\u00f3n de Viviendas no tienen costo para las familias. Lo hacemos con un esfuerzo b\u00e1rbaro del sector p\u00fablico, reconociendo el derecho y haci\u00e9ndonos cargo de que el Estado incumpli\u00f3\u201d.<\/p>\n\n\n\n<p><strong>\u201cSue\u00f1o cumplido\u201d<\/strong><br>Griselda Bustamante, vecina de barrio UPCN de Esmeralda, cont\u00f3 que esper\u00f3 10 a\u00f1os la escritura de su vivienda, y que significa una seguridad: \u201cPara mis hijos, para el futuro de ellos. Para m\u00ed es muy emocionante porque los que alquilamos por mucho tiempo, gastamos plata en eso, ahora tener un lugar para vos, es important\u00edsimo\u201d.<br><br>Vecinos de Loyola Sur, que hace \u201c25 a\u00f1os est\u00e1n esperando la escritura\u201d, manifestaron que \u201ces un sue\u00f1o cumplido para la familia. Siempre esperamos tener la casa propia y hoy la tenemos, con su escritura\u201d.<br><br>Por otro lado, Graciela, del barrio Santa Rita II, manifest\u00f3 su satisfacci\u00f3n \u00abporque es much\u00edsimo tener una casa hoy en d\u00eda y dej\u00e1rsela a nuestros hijos. Te da una seguridad del lugar en el que est\u00e1s viviendo\u201d.<\/p>\n","protected":false},"excerpt":{"rendered":"<p>En el marco de la pol\u00edtica de regularizaci\u00f3n dominial, el gobernador Maximiliano Pullaro encabez\u00f3 este&#8230;<\/p>\n","protected":false},"author":2,"featured_media":5741,"comment_status":"open","ping_status":"open","sticky":false,"template":"","format":"standard","meta":{"footnotes":""},"categories":[17],"tags":[],"class_list":["post-5735","post","type-post","status-publish","format-standard","has-post-thumbnail","hentry","category-provincia-1"],"aioseo_notices":[],"featured_image_urls":{"full":["https:\/\/edicionuno.com.ar\/wp-content\/uploads\/2026-04-28NID_285867O_1.jpeg",1140,640,false],"thumbnail":["https:\/\/edicionuno.com.ar\/wp-content\/uploads\/2026-04-28NID_285867O_1-150x150.jpeg",150,150,true],"medium":["https:\/\/edicionuno.com.ar\/wp-content\/uploads\/2026-04-28NID_285867O_1-300x168.jpeg",300,168,true],"medium_large":["https:\/\/edicionuno.com.ar\/wp-content\/uploads\/2026-04-28NID_285867O_1-768x431.jpeg",640,359,true],"large":["https:\/\/edicionuno.com.ar\/wp-content\/uploads\/2026-04-28NID_285867O_1-1024x575.jpeg",640,359,true],"1536x1536":["https:\/\/edicionuno.com.ar\/wp-content\/uploads\/2026-04-28NID_285867O_1.jpeg",1140,640,false],"2048x2048":["https:\/\/edicionuno.com.ar\/wp-content\/uploads\/2026-04-28NID_285867O_1.jpeg",1140,640,false],"covernews-slider-full":["https:\/\/edicionuno.com.ar\/wp-content\/uploads\/2026-04-28NID_285867O_1-1115x640.jpeg",1115,640,true],"covernews-slider-center":["https:\/\/edicionuno.com.ar\/wp-content\/uploads\/2026-04-28NID_285867O_1-800x500.jpeg",800,500,true],"covernews-featured":["https:\/\/edicionuno.com.ar\/wp-content\/uploads\/2026-04-28NID_285867O_1-1024x575.jpeg",1024,575,true],"covernews-medium":["https:\/\/edicionuno.com.ar\/wp-content\/uploads\/2026-04-28NID_285867O_1-540x340.jpeg",540,340,true],"covernews-medium-square":["https:\/\/edicionuno.com.ar\/wp-content\/uploads\/2026-04-28NID_285867O_1-400x250.jpeg",400,250,true]},"author_info":{"info":["Edici\u00f3n Uno"]},"category_info":"<a href=\"https:\/\/edicionuno.com.ar\/?cat=17\" rel=\"category\">Provincia 1<\/a>","tag_info":"Provincia 1","comment_count":"0","_links":{"self":[{"href":"https:\/\/edicionuno.com.ar\/index.php?rest_route=\/wp\/v2\/posts\/5735"}],"collection":[{"href":"https:\/\/edicionuno.com.ar\/index.php?rest_route=\/wp\/v2\/posts"}],"about":[{"href":"https:\/\/edicionuno.com.ar\/index.php?rest_route=\/wp\/v2\/types\/post"}],"author":[{"embeddable":true,"href":"https:\/\/edicionuno.com.ar\/index.php?rest_route=\/wp\/v2\/users\/2"}],"replies":[{"embeddable":true,"href":"https:\/\/edicionuno.com.ar\/index.php?rest_route=%2Fwp%2Fv2%2Fcomments&post=5735"}],"version-history":[{"count":1,"href":"https:\/\/edicionuno.com.ar\/index.php?rest_route=\/wp\/v2\/posts\/5735\/revisions"}],"predecessor-version":[{"id":5742,"href":"https:\/\/edicionuno.com.ar\/index.php?rest_route=\/wp\/v2\/posts\/5735\/revisions\/5742"}],"wp:featuredmedia":[{"embeddable":true,"href":"https:\/\/edicionuno.com.ar\/index.php?rest_route=\/wp\/v2\/media\/5741"}],"wp:attachment":[{"href":"https:\/\/edicionuno.com.ar\/index.php?rest_route=%2Fwp%2Fv2%2Fmedia&parent=5735"}],"wp:term":[{"taxonomy":"category","embeddable":true,"href":"https:\/\/edicionuno.com.ar\/index.php?rest_route=%2Fwp%2Fv2%2Fcategories&post=5735"},{"taxonomy":"post_tag","embeddable":true,"href":"https:\/\/edicionuno.com.ar\/index.php?rest_route=%2Fwp%2Fv2%2Ftags&post=5735"}],"curies":[{"name":"wp","href":"https:\/\/api.w.org\/{rel}","templated":true}]}}