{"id":5738,"date":"2026-04-29T14:42:58","date_gmt":"2026-04-29T17:42:58","guid":{"rendered":"https:\/\/edicionuno.com.ar\/?p=5738"},"modified":"2026-04-29T14:42:58","modified_gmt":"2026-04-29T17:42:58","slug":"provincia-aumento-este-ano-un-50-los-aportes-a-municipios-y-comunas-para-fortalecer-los-servicios-locales-de-ninez","status":"publish","type":"post","link":"https:\/\/edicionuno.com.ar\/?p=5738","title":{"rendered":"Provincia aument\u00f3 este a\u00f1o un 50 % los aportes a municipios y comunas para fortalecer los servicios locales de ni\u00f1ez"},"content":{"rendered":"\n<p>El Ministerio de Igualdad y Desarrollo Humano, a trav\u00e9s de la Secretar\u00eda de Ni\u00f1ez, Adolescencia y Familia, formaliz\u00f3 convenios con gobiernos locales en el marco del Programa de Servicios Locales de Promoci\u00f3n y Protecci\u00f3n de Derechos, con el objetivo de fortalecer la intervenci\u00f3n territorial y garantizar el acceso a derechos de ni\u00f1as, ni\u00f1os y adolescentes en toda la provincia.<br><br>La actividad se realiz\u00f3 este martes en el Teatro Luz y Fuerza de la ciudad de Santa Fe y cont\u00f3 con la participaci\u00f3n de autoridades provinciales, legisladores e intendentes y presidentes comunales. Entre ellos estuvieron la secretaria Daniela Le\u00f3n; el defensor provincial de Ni\u00f1as, Ni\u00f1os y Adolescentes, Juan Cruz Gim\u00e9nez; la diputada Jimena Senn y el senador Alcides Calvo, junto a equipos t\u00e9cnicos y directores provinciales del \u00e1rea.<br><br>Durante el encuentro, Le\u00f3n present\u00f3 al equipo profesional que articula con los servicios locales y subray\u00f3 la creciente complejidad del trabajo en territorio. \u201cEl desaf\u00edo en ni\u00f1ez es cada vez mayor. Observamos m\u00e1s compromiso de los gobiernos locales, con abordajes intensivos y sostenidos\u201d, se\u00f1al\u00f3.<br><br>La funcionaria insisti\u00f3 en la necesidad de una acci\u00f3n coordinada: \u201cMunicipios y comunas no trabajan separados de la provincia. Si lo hicieran, fragmentar\u00edan la intervenci\u00f3n sobre cada ni\u00f1o, ni\u00f1a o adolescente. Formamos parte de un mismo sistema\u201d.<br><br>En ese sentido, destac\u00f3 el refuerzo presupuestario dispuesto para 2026: \u201cEntre 2025 y 2026 incrementamos en un 50 % el monto de los convenios. Adem\u00e1s, sumamos un aporte adicional para los municipios con mayor incidencia de adolescentes en conflicto con la ley penal, para fortalecer el abordaje conjunto\u201d.<br><br>Le\u00f3n tambi\u00e9n explic\u00f3 que se adopt\u00f3 como referencia la canasta de crianza para actualizar los montos de los programas. \u201cCada familia solidaria que aloja de manera transitoria a un ni\u00f1o recibe actualmente $617.000 por mes\u201d, precis\u00f3.<br><br>Por su parte, el defensor provincial Juan Cruz Gim\u00e9nez valor\u00f3 la continuidad de la pol\u00edtica: \u201cSe trata de una pol\u00edtica de Estado. Santa Fe se distingue por su institucionalidad y por garantizar que cada municipio y comuna reciba recursos para sostener estos dispositivos\u201d.<br><br><img decoding=\"async\" alt=\"\" src=\"https:\/\/www.santafe.gob.ar\/noticias\/recursos\/fotos\/2026\/04\/2026-04-28NID_285866O_2.jpeg\"><\/p>\n\n\n\n<p><strong>Acompa\u00f1ar el trabajo territorial<\/strong><br>La diputada Jimena Senn remarc\u00f3 la importancia de fortalecer el primer nivel de atenci\u00f3n: \u201cLos gobiernos locales son la primera puerta a la que acuden los vecinos. Por eso es clave que la provincia sostenga y ampl\u00ede estos servicios, especialmente en un contexto en el que el Estado nacional ha retra\u00eddo su inversi\u00f3n\u201d.<br><br>En la misma l\u00ednea, el senador Alcides Calvo calific\u00f3 la tem\u00e1tica como \u201cmuy sensible\u201d y valor\u00f3 la construcci\u00f3n de equipos especializados en todo el territorio: \u201cEs fundamental estar en el momento y en el lugar adecuados, con profesionales capacitados que acompa\u00f1en procesos de integraci\u00f3n, aprendizaje y contenci\u00f3n, especialmente en localidades peque\u00f1as y medianas\u201d.<\/p>\n\n\n\n<p><strong>M\u00e1s inversi\u00f3n y cobertura<\/strong><br>El programa evidencia un fuerte incremento presupuestario en los \u00faltimos a\u00f1os. Adem\u00e1s, se firmaron convenios con 358 servicios locales en 2024 y 362 en 2025, consolidando una red territorial en expansi\u00f3n.<br><br>La iniciativa forma parte de la estrategia provincial para fortalecer el sistema de promoci\u00f3n y protecci\u00f3n integral de derechos, con eje en la cercan\u00eda, la articulaci\u00f3n institucional y la intervenci\u00f3n temprana en contextos de vulnerabilidad.<\/p>\n","protected":false},"excerpt":{"rendered":"<p>El Ministerio de Igualdad y Desarrollo Humano, a trav\u00e9s de la Secretar\u00eda de Ni\u00f1ez, Adolescencia&#8230;<\/p>\n","protected":false},"author":2,"featured_media":5747,"comment_status":"open","ping_status":"open","sticky":false,"template":"","format":"standard","meta":{"footnotes":""},"categories":[18],"tags":[],"class_list":["post-5738","post","type-post","status-publish","format-standard","has-post-thumbnail","hentry","category-provincia-2"],"aioseo_notices":[],"featured_image_urls":{"full":["https:\/\/edicionuno.com.ar\/wp-content\/uploads\/2026-04-28NID_285866O_1.jpeg",1140,640,false],"thumbnail":["https:\/\/edicionuno.com.ar\/wp-content\/uploads\/2026-04-28NID_285866O_1-150x150.jpeg",150,150,true],"medium":["https:\/\/edicionuno.com.ar\/wp-content\/uploads\/2026-04-28NID_285866O_1-300x168.jpeg",300,168,true],"medium_large":["https:\/\/edicionuno.com.ar\/wp-content\/uploads\/2026-04-28NID_285866O_1-768x431.jpeg",640,359,true],"large":["https:\/\/edicionuno.com.ar\/wp-content\/uploads\/2026-04-28NID_285866O_1-1024x575.jpeg",640,359,true],"1536x1536":["https:\/\/edicionuno.com.ar\/wp-content\/uploads\/2026-04-28NID_285866O_1.jpeg",1140,640,false],"2048x2048":["https:\/\/edicionuno.com.ar\/wp-content\/uploads\/2026-04-28NID_285866O_1.jpeg",1140,640,false],"covernews-slider-full":["https:\/\/edicionuno.com.ar\/wp-content\/uploads\/2026-04-28NID_285866O_1-1115x640.jpeg",1115,640,true],"covernews-slider-center":["https:\/\/edicionuno.com.ar\/wp-content\/uploads\/2026-04-28NID_285866O_1-800x500.jpeg",800,500,true],"covernews-featured":["https:\/\/edicionuno.com.ar\/wp-content\/uploads\/2026-04-28NID_285866O_1-1024x575.jpeg",1024,575,true],"covernews-medium":["https:\/\/edicionuno.com.ar\/wp-content\/uploads\/2026-04-28NID_285866O_1-540x340.jpeg",540,340,true],"covernews-medium-square":["https:\/\/edicionuno.com.ar\/wp-content\/uploads\/2026-04-28NID_285866O_1-400x250.jpeg",400,250,true]},"author_info":{"info":["Edici\u00f3n Uno"]},"category_info":"<a href=\"https:\/\/edicionuno.com.ar\/?cat=18\" rel=\"category\">Provincia 2<\/a>","tag_info":"Provincia 2","comment_count":"0","_links":{"self":[{"href":"https:\/\/edicionuno.com.ar\/index.php?rest_route=\/wp\/v2\/posts\/5738"}],"collection":[{"href":"https:\/\/edicionuno.com.ar\/index.php?rest_route=\/wp\/v2\/posts"}],"about":[{"href":"https:\/\/edicionuno.com.ar\/index.php?rest_route=\/wp\/v2\/types\/post"}],"author":[{"embeddable":true,"href":"https:\/\/edicionuno.com.ar\/index.php?rest_route=\/wp\/v2\/users\/2"}],"replies":[{"embeddable":true,"href":"https:\/\/edicionuno.com.ar\/index.php?rest_route=%2Fwp%2Fv2%2Fcomments&post=5738"}],"version-history":[{"count":1,"href":"https:\/\/edicionuno.com.ar\/index.php?rest_route=\/wp\/v2\/posts\/5738\/revisions"}],"predecessor-version":[{"id":5748,"href":"https:\/\/edicionuno.com.ar\/index.php?rest_route=\/wp\/v2\/posts\/5738\/revisions\/5748"}],"wp:featuredmedia":[{"embeddable":true,"href":"https:\/\/edicionuno.com.ar\/index.php?rest_route=\/wp\/v2\/media\/5747"}],"wp:attachment":[{"href":"https:\/\/edicionuno.com.ar\/index.php?rest_route=%2Fwp%2Fv2%2Fmedia&parent=5738"}],"wp:term":[{"taxonomy":"category","embeddable":true,"href":"https:\/\/edicionuno.com.ar\/index.php?rest_route=%2Fwp%2Fv2%2Fcategories&post=5738"},{"taxonomy":"post_tag","embeddable":true,"href":"https:\/\/edicionuno.com.ar\/index.php?rest_route=%2Fwp%2Fv2%2Ftags&post=5738"}],"curies":[{"name":"wp","href":"https:\/\/api.w.org\/{rel}","templated":true}]}}