{"id":5739,"date":"2026-04-29T14:41:53","date_gmt":"2026-04-29T17:41:53","guid":{"rendered":"https:\/\/edicionuno.com.ar\/?p=5739"},"modified":"2026-04-29T14:41:53","modified_gmt":"2026-04-29T17:41:53","slug":"el-gobierno-de-pullaro-sigue-tumbando-bunkeres-por-microtrafico-desactivo-el-primero-en-el-departamento-belgrano","status":"publish","type":"post","link":"https:\/\/edicionuno.com.ar\/?p=5739","title":{"rendered":"El gobierno de Pullaro sigue tumbando b\u00fankeres por microtr\u00e1fico: desactiv\u00f3 el primero en el departamento Belgrano"},"content":{"rendered":"\n<p>El Gobierno de la Provincia de Santa Fe, a trav\u00e9s del Ministerio de Justicia y Seguridad y en coordinaci\u00f3n con fiscales del Ministerio P\u00fablico de la Acusaci\u00f3n (MPA), supervis\u00f3 este mi\u00e9rcoles el derribo de un b\u00fanker de venta de estupefacientes en la ciudad de Las Parejas, el primero en el departamento Belgrano.<\/p>\n\n\n\n<p>Se trata de la inactivaci\u00f3n n\u00famero 114 en todo el territorio provincial desde la implementaci\u00f3n de la Ley de Microtr\u00e1fico, promulgada a fines de 2023 en el marco de la gesti\u00f3n del gobernador Maximiliano Pullaro. Los procedimientos se desarrollan desde comienzos de 2024 mediante un trabajo articulado entre el Gobierno de Santa Fe, el MPA, la Justicia provincial, la Polic\u00eda y, en algunos casos, fuerzas federales y gobiernos locales.<\/p>\n\n\n\n<p>La normativa contempla la clausura y demolici\u00f3n de puntos de venta de drogas y de inmuebles asociados a din\u00e1micas de violencia altamente lesiva. Seg\u00fan fuentes oficiales, el objetivo es desarticular estructuras de narcomenudeo y reducir su impacto en barrios y zonas urbanas.<\/p>\n\n\n\n<p>El secretario de Seguridad P\u00fablica, Omar Pereira, destac\u00f3 la relevancia del operativo al se\u00f1alar que \u201ceste primer derribo en el departamento Belgrano muestra que se consolida el trabajo de investigaci\u00f3n del Ministerio P\u00fablico de la Acusaci\u00f3n junto con el Ministerio de Justicia y Seguridad\u201d. En esa l\u00ednea, subray\u00f3 que la Ley de Microtr\u00e1fico \u201cresult\u00f3 ser una herramienta clave para combatir el narcomenudeo, porque apunta a espacios donde se genera violencia\u201d.<\/p>\n\n\n\n<p>Pereira advirti\u00f3 que \u201cla venta de estupefacientes es, en s\u00ed misma, una actividad violenta, especialmente cuando se instala en zonas residenciales cercanas a escuelas y clubes\u201d. Adem\u00e1s, indic\u00f3 que tras la demolici\u00f3n se mantienen controles sobre el lugar para evitar nuevas ocupaciones.<\/p>\n\n\n\n<p>En el operativo estuvieron presentes tambi\u00e9n la senadora suplente Sandra Clerici y la presidente del Concejo Municipal, Roxana Collaud.<img decoding=\"async\" alt=\"\" src=\"https:\/\/www.santafe.gob.ar\/noticias\/recursos\/fotos\/2026\/04\/2026-04-29NID_285869O_2.jpeg\"><strong>Investigaci\u00f3n en marcha<\/strong><\/p>\n\n\n\n<p>Por su parte, la fiscal Mercedes Banchio precis\u00f3 que la investigaci\u00f3n se inici\u00f3 a partir de denuncias vecinales y permiti\u00f3 documentar al menos siete maniobras vinculadas a la comercializaci\u00f3n de drogas. Con esa evidencia se autoriz\u00f3 un allanamiento, en el que se secuestraron elementos para fraccionamiento, balanzas de precisi\u00f3n, m\u00e1s de 60 gramos de coca\u00edna y m\u00e1s de 130 gramos de marihuana.<\/p>\n\n\n\n<p>La funcionaria judicial confirm\u00f3 que hay personas identificadas con pedido de captura vigente. Tambi\u00e9n indic\u00f3 que un adulto permanece detenido y es investigado por su presunta participaci\u00f3n en los hechos, mientras que menores fueron puestos a disposici\u00f3n de la Justicia correspondiente. Otros sospechosos contin\u00faan pr\u00f3fugos y, seg\u00fan la causa, ser\u00edan quienes administraban el punto de venta.<\/p>\n\n\n\n<p>En relaci\u00f3n con el inmueble, Banchio explic\u00f3 que pertenece a un vecino que lo hab\u00eda alquilado de buena fe. \u201cCon el tiempo detect\u00f3 irregularidades en el pago y comenz\u00f3 a sospechar de la actividad que se desarrollaba en el lugar, por lo que se puso a disposici\u00f3n de la Justicia y aport\u00f3 informaci\u00f3n relevante para la investigaci\u00f3n\u201d, concluy\u00f3.<\/p>\n","protected":false},"excerpt":{"rendered":"<p>El Gobierno de la Provincia de Santa Fe, a trav\u00e9s del Ministerio de Justicia y&#8230;<\/p>\n","protected":false},"author":2,"featured_media":5745,"comment_status":"open","ping_status":"open","sticky":false,"template":"","format":"standard","meta":{"footnotes":""},"categories":[18],"tags":[],"class_list":["post-5739","post","type-post","status-publish","format-standard","has-post-thumbnail","hentry","category-provincia-2"],"aioseo_notices":[],"featured_image_urls":{"full":["https:\/\/edicionuno.com.ar\/wp-content\/uploads\/2026-04-29NID_285869O_1.jpeg",1140,640,false],"thumbnail":["https:\/\/edicionuno.com.ar\/wp-content\/uploads\/2026-04-29NID_285869O_1-150x150.jpeg",150,150,true],"medium":["https:\/\/edicionuno.com.ar\/wp-content\/uploads\/2026-04-29NID_285869O_1-300x168.jpeg",300,168,true],"medium_large":["https:\/\/edicionuno.com.ar\/wp-content\/uploads\/2026-04-29NID_285869O_1-768x431.jpeg",640,359,true],"large":["https:\/\/edicionuno.com.ar\/wp-content\/uploads\/2026-04-29NID_285869O_1-1024x575.jpeg",640,359,true],"1536x1536":["https:\/\/edicionuno.com.ar\/wp-content\/uploads\/2026-04-29NID_285869O_1.jpeg",1140,640,false],"2048x2048":["https:\/\/edicionuno.com.ar\/wp-content\/uploads\/2026-04-29NID_285869O_1.jpeg",1140,640,false],"covernews-slider-full":["https:\/\/edicionuno.com.ar\/wp-content\/uploads\/2026-04-29NID_285869O_1-1115x640.jpeg",1115,640,true],"covernews-slider-center":["https:\/\/edicionuno.com.ar\/wp-content\/uploads\/2026-04-29NID_285869O_1-800x500.jpeg",800,500,true],"covernews-featured":["https:\/\/edicionuno.com.ar\/wp-content\/uploads\/2026-04-29NID_285869O_1-1024x575.jpeg",1024,575,true],"covernews-medium":["https:\/\/edicionuno.com.ar\/wp-content\/uploads\/2026-04-29NID_285869O_1-540x340.jpeg",540,340,true],"covernews-medium-square":["https:\/\/edicionuno.com.ar\/wp-content\/uploads\/2026-04-29NID_285869O_1-400x250.jpeg",400,250,true]},"author_info":{"info":["Edici\u00f3n Uno"]},"category_info":"<a href=\"https:\/\/edicionuno.com.ar\/?cat=18\" rel=\"category\">Provincia 2<\/a>","tag_info":"Provincia 2","comment_count":"0","_links":{"self":[{"href":"https:\/\/edicionuno.com.ar\/index.php?rest_route=\/wp\/v2\/posts\/5739"}],"collection":[{"href":"https:\/\/edicionuno.com.ar\/index.php?rest_route=\/wp\/v2\/posts"}],"about":[{"href":"https:\/\/edicionuno.com.ar\/index.php?rest_route=\/wp\/v2\/types\/post"}],"author":[{"embeddable":true,"href":"https:\/\/edicionuno.com.ar\/index.php?rest_route=\/wp\/v2\/users\/2"}],"replies":[{"embeddable":true,"href":"https:\/\/edicionuno.com.ar\/index.php?rest_route=%2Fwp%2Fv2%2Fcomments&post=5739"}],"version-history":[{"count":1,"href":"https:\/\/edicionuno.com.ar\/index.php?rest_route=\/wp\/v2\/posts\/5739\/revisions"}],"predecessor-version":[{"id":5746,"href":"https:\/\/edicionuno.com.ar\/index.php?rest_route=\/wp\/v2\/posts\/5739\/revisions\/5746"}],"wp:featuredmedia":[{"embeddable":true,"href":"https:\/\/edicionuno.com.ar\/index.php?rest_route=\/wp\/v2\/media\/5745"}],"wp:attachment":[{"href":"https:\/\/edicionuno.com.ar\/index.php?rest_route=%2Fwp%2Fv2%2Fmedia&parent=5739"}],"wp:term":[{"taxonomy":"category","embeddable":true,"href":"https:\/\/edicionuno.com.ar\/index.php?rest_route=%2Fwp%2Fv2%2Fcategories&post=5739"},{"taxonomy":"post_tag","embeddable":true,"href":"https:\/\/edicionuno.com.ar\/index.php?rest_route=%2Fwp%2Fv2%2Ftags&post=5739"}],"curies":[{"name":"wp","href":"https:\/\/api.w.org\/{rel}","templated":true}]}}