{"id":5752,"date":"2026-04-29T14:46:45","date_gmt":"2026-04-29T17:46:45","guid":{"rendered":"https:\/\/edicionuno.com.ar\/?p=5752"},"modified":"2026-04-29T14:46:45","modified_gmt":"2026-04-29T17:46:45","slug":"entregaron-96-becas-estamos-haciendo-un-esfuerzo-para-garantizar-acceso-a-la-educacion","status":"publish","type":"post","link":"https:\/\/edicionuno.com.ar\/?p=5752","title":{"rendered":"Entregaron 96 becas: \u201cEstamos haciendo un esfuerzo para garantizar acceso a la educaci\u00f3n\u201d"},"content":{"rendered":"\n<p>El intendente de Esperanza, Rodrigo M\u00fcller, encabez\u00f3 en el Sal\u00f3n Blanco municipal el acto de entrega de becas destinadas a estudiantes terciarios y universitarios de la ciudad.<\/p>\n\n\n\n<p>En esta edici\u00f3n 2026, son 96 los beneficiarios que reciben $80.000 mensuales entre abril y diciembre, lo que representa una inversi\u00f3n significativa por parte del municipio y un incremento del 16% en la cantidad de becas respecto al a\u00f1o anterior. Este crecimiento sostenido refleja una decisi\u00f3n pol\u00edtica de fortalecer el acompa\u00f1amiento a los j\u00f3venes en su formaci\u00f3n acad\u00e9mica.<\/p>\n\n\n\n<p>Durante el acto, el intendente expres\u00f3 que \u201cla entrega de becas para m\u00ed siempre es muy emotiva porque yo no hubiera podido estudiar si no hubiera sido por la beca municipal, por lo que sabemos de la importancia que tiene\u201d.<\/p>\n\n\n\n<p>\u201cEn estos tres a\u00f1os logramos incrementar a\u00f1o a a\u00f1o la cantidad y el monto porque consideramos que la educaci\u00f3n y la igualdad de oportunidades son una cuesti\u00f3n prioritaria. Lo analizamos, se hizo un esfuerzo desde la Secretar\u00eda de Cultura y Educaci\u00f3n y la Secretar\u00eda de Hacienda y Finanzas, y decidimos priorizar esta ayuda para el acceso a la educaci\u00f3n\u201d, agreg\u00f3.<\/p>\n\n\n\n<p>Adem\u00e1s, destac\u00f3 que \u201ces una cuesti\u00f3n de oportunidades, como las que tuve yo, pero seguramente otras personas mejores que yo no las tuvieron y no pudieron lograrlo. Cuando fui secretario de Cultura, durante la intendencia de Rafael De Pace, fue la etapa en la que m\u00e1s becas se otorgaron, m\u00e1s de 150; y hoy veo la lista de aquellos becados y muchos de ellos son profesionales reconocidos en la ciudad que tambi\u00e9n pudieron estudiar gracias a la beca, y dos de ellos hoy forman parte de mi gabinete\u201d.<\/p>\n\n\n\n<p>\u201cEsto demuestra que el esfuerzo, el m\u00e9rito y las oportunidades que brinda el Estado son importantes para igualar. Espero que en alg\u00fan momento lleguemos a las 150 becas o a m\u00e1s, y les deseo lo mejor en su carrera, que es un momento de mucho esfuerzo y disfrute. Que vuelquen todo lo posible a la ciudad que tanto amamos\u201d, concluy\u00f3.<\/p>\n\n\n\n<p>Por su parte, la secretaria de Cultura y Educaci\u00f3n, Gisela Beresvil, agradeci\u00f3 a los estudiantes y destac\u00f3 el crecimiento del programa: \u201cLa situaci\u00f3n del pa\u00eds se vio reflejada en la solicitud de becas. Fueron tantas las inscripciones que decidimos extender la cantidad de becas y de 80 pasamos a 96\u201d.<\/p>\n\n\n\n<p>\u201cHay personas que estudian en distintas localidades del pa\u00eds, as\u00ed como en la ciudad. A partir de ahora se controlar\u00e1 un cierto porcentaje de materias aprobadas para continuar teniendo el beneficio\u201d, finaliz\u00f3 Beresvil.<\/p>\n\n\n\n<p>Por \u00faltimo, la secretaria de Hacienda y Finanzas, Mara Rivolta, record\u00f3 que \u201canteriormente las becas se abonaban mediante cheque, pero desde el inicio de la gesti\u00f3n decidimos dar un salto tecnol\u00f3gico y pasar a tarjetas de d\u00e9bito, lo que facilita y agiliza el acceso y uso de los fondos por parte de los estudiantes\u201d.<\/p>\n\n\n\n<p>Desde el inicio de la gesti\u00f3n del intendente Rodrigo M\u00fcller, el programa ha experimentado una expansi\u00f3n constante. Al asumir, se otorgaban 15 becas de $5.000 que, adem\u00e1s, se abonaban de manera discontinua. En 2024 se avanz\u00f3 a 63 becas de $50.000 mensuales, en 2025 a 83 becas de $70.000, y&nbsp;en 2026 se vuelve a aumentar la cantidad y el monto mensual.<\/p>\n\n\n\n<p><strong>PRESENTES<\/strong><\/p>\n\n\n\n<p>De la actividad tambi\u00e9n formaron parte la delegada de la Regi\u00f3n III de Educaci\u00f3n, Mar\u00eda Laura L\u00f3pez; los secretarios de Gobierno y Reforma del Estado, Andr\u00e9s Gren\u00f3n; de Obras e Infraestructura P\u00fablica, Micaela Nagel; de Innovaci\u00f3n y Desarrollo Econ\u00f3mico, Mar\u00eda Victoria Nagel; de Legal y Control Institucional, Samira Cobos; de Control y Seguridad, C\u00e9sar Gioria; y los concejales Cristian Cammisi, Mar\u00eda del Rosario Galleano y Mariano Puig.<\/p>\n","protected":false},"excerpt":{"rendered":"<p>El intendente de Esperanza, Rodrigo M\u00fcller, encabez\u00f3 en el Sal\u00f3n Blanco municipal el acto de&#8230;<\/p>\n","protected":false},"author":2,"featured_media":5759,"comment_status":"open","ping_status":"open","sticky":false,"template":"","format":"standard","meta":{"footnotes":""},"categories":[1],"tags":[],"class_list":["post-5752","post","type-post","status-publish","format-standard","has-post-thumbnail","hentry","category-generales"],"aioseo_notices":[],"featured_image_urls":{"full":["https:\/\/edicionuno.com.ar\/wp-content\/uploads\/ebecas4-1024x587-1.jpg",1024,587,false],"thumbnail":["https:\/\/edicionuno.com.ar\/wp-content\/uploads\/ebecas4-1024x587-1-150x150.jpg",150,150,true],"medium":["https:\/\/edicionuno.com.ar\/wp-content\/uploads\/ebecas4-1024x587-1-300x172.jpg",300,172,true],"medium_large":["https:\/\/edicionuno.com.ar\/wp-content\/uploads\/ebecas4-1024x587-1-768x440.jpg",640,367,true],"large":["https:\/\/edicionuno.com.ar\/wp-content\/uploads\/ebecas4-1024x587-1.jpg",640,367,false],"1536x1536":["https:\/\/edicionuno.com.ar\/wp-content\/uploads\/ebecas4-1024x587-1.jpg",1024,587,false],"2048x2048":["https:\/\/edicionuno.com.ar\/wp-content\/uploads\/ebecas4-1024x587-1.jpg",1024,587,false],"covernews-slider-full":["https:\/\/edicionuno.com.ar\/wp-content\/uploads\/ebecas4-1024x587-1.jpg",1024,587,false],"covernews-slider-center":["https:\/\/edicionuno.com.ar\/wp-content\/uploads\/ebecas4-1024x587-1-800x500.jpg",800,500,true],"covernews-featured":["https:\/\/edicionuno.com.ar\/wp-content\/uploads\/ebecas4-1024x587-1.jpg",1024,587,false],"covernews-medium":["https:\/\/edicionuno.com.ar\/wp-content\/uploads\/ebecas4-1024x587-1-540x340.jpg",540,340,true],"covernews-medium-square":["https:\/\/edicionuno.com.ar\/wp-content\/uploads\/ebecas4-1024x587-1-400x250.jpg",400,250,true]},"author_info":{"info":["Edici\u00f3n Uno"]},"category_info":"<a href=\"https:\/\/edicionuno.com.ar\/?cat=1\" rel=\"category\">Generales<\/a>","tag_info":"Generales","comment_count":"0","_links":{"self":[{"href":"https:\/\/edicionuno.com.ar\/index.php?rest_route=\/wp\/v2\/posts\/5752"}],"collection":[{"href":"https:\/\/edicionuno.com.ar\/index.php?rest_route=\/wp\/v2\/posts"}],"about":[{"href":"https:\/\/edicionuno.com.ar\/index.php?rest_route=\/wp\/v2\/types\/post"}],"author":[{"embeddable":true,"href":"https:\/\/edicionuno.com.ar\/index.php?rest_route=\/wp\/v2\/users\/2"}],"replies":[{"embeddable":true,"href":"https:\/\/edicionuno.com.ar\/index.php?rest_route=%2Fwp%2Fv2%2Fcomments&post=5752"}],"version-history":[{"count":1,"href":"https:\/\/edicionuno.com.ar\/index.php?rest_route=\/wp\/v2\/posts\/5752\/revisions"}],"predecessor-version":[{"id":5760,"href":"https:\/\/edicionuno.com.ar\/index.php?rest_route=\/wp\/v2\/posts\/5752\/revisions\/5760"}],"wp:featuredmedia":[{"embeddable":true,"href":"https:\/\/edicionuno.com.ar\/index.php?rest_route=\/wp\/v2\/media\/5759"}],"wp:attachment":[{"href":"https:\/\/edicionuno.com.ar\/index.php?rest_route=%2Fwp%2Fv2%2Fmedia&parent=5752"}],"wp:term":[{"taxonomy":"category","embeddable":true,"href":"https:\/\/edicionuno.com.ar\/index.php?rest_route=%2Fwp%2Fv2%2Fcategories&post=5752"},{"taxonomy":"post_tag","embeddable":true,"href":"https:\/\/edicionuno.com.ar\/index.php?rest_route=%2Fwp%2Fv2%2Ftags&post=5752"}],"curies":[{"name":"wp","href":"https:\/\/api.w.org\/{rel}","templated":true}]}}