{"id":6380,"date":"2026-09-04T12:18:53","date_gmt":"2026-09-04T15:18:53","guid":{"rendered":"https:\/\/edicionuno.com.ar\/?p=6380"},"modified":"2026-09-04T12:18:53","modified_gmt":"2026-09-04T15:18:53","slug":"coudannes-mas-de-58-000-turistas-visitaron-la-provincia-con-un-impacto-economico-superior-a-los-14-000-millones-por-los-eventos-internacionales","status":"publish","type":"post","link":"https:\/\/edicionuno.com.ar\/?p=6380","title":{"rendered":"Coudannes: \u201cM\u00e1s de 58.000 turistas visitaron la Provincia con un impacto econ\u00f3mico superior a los $ 14.000 millones por los eventos internacionales\u201d"},"content":{"rendered":"\n<p>La vocera del Gobierno de Santa Fe, Virginia Coudannes, se refiri\u00f3 este viernes a la presencia que tiene la provincia en el plano internacional, siendo elegida para la realizaci\u00f3n de grandes eventos con visitantes de diferentes pa\u00edses. \u201cHoy el mundo elige a la provincia de Santa Fe para ser sede de los grandes eventos\u201d, valor\u00f3 y expres\u00f3: \u201cNo es casualidad que nos est\u00e9n eligiendo, esto es producto de un plan de seguridad y de resultados concretos\u201d. El saldo hasta el momento es de 58.000 visitantes, y un movimiento econ\u00f3mico de 14.000 millones de pesos.<\/p>\n\n\n\n<p><strong>Deporte de primer nivel<\/strong><\/p>\n\n\n\n<p>Uno de los principales eventos son los Juegos Suramericanos, que del 12 al 26 de septiembre se realizar\u00e1n en las ciudades de Santa Fe, Rafaela y Rosario. Al respecto, indic\u00f3: \u201cEstamos muy ansiosos porque la provincia invencible ya est\u00e1 lista para recibir a los atletas. Estamos viviendo algo \u00fanico\u201d.<\/p>\n\n\n\n<p>La vocera destac\u00f3 que \u201cesta semana tuvimos un pico de inauguraciones de obra p\u00fablica\u201d, muchas vinculadas a los Juegos, y adelant\u00f3 que este s\u00e1bado se inaugura el Centro de Tiro Deportivo en Recreo, con una exhibici\u00f3n de la actividad; el domingo quedar\u00e1 inaugurado el Estadio Multiprop\u00f3sito con pistas de BMX en Rafaela, tambi\u00e9n con una exhibici\u00f3n; mientras que el pr\u00f3ximo 10 de septiembre quedar\u00e1 inaugurada la pista de atletismo del Centro de Alto Rendimiento de Santa Fe.<\/p>\n\n\n\n<p>\u201cEsto es parte del plan que el gobernador Maximiliano Pullaro deja en la provincia de Santa Fe\u201d, manifest\u00f3 Coudannes, destacando que toda la infraestructura con la que ahora cuenta la provincia permiti\u00f3 tambi\u00e9n que Rosario haya sido elegida como sede de los Juegos Panamericanos Junior que se realizar\u00e1n en 2029.<\/p>\n\n\n\n<p>Adem\u00e1s, hizo referencia al Campeonato Juvenil de Aguas Abiertas que se est\u00e1 desarrollando en la ciudad de Santa Fe, con la participaci\u00f3n de 273 deportistas de 38 pa\u00edses. \u201cNos pone como centro de vidriera internacional de eventos de estas caracter\u00edsticas\u201d, dijo al respecto.<\/p>\n\n\n\n<p><strong>\u201cEl mundial de los negocios se jug\u00f3 en Santa Fe\u201d<\/strong><\/p>\n\n\n\n<p>La vocera tambi\u00e9n se refiri\u00f3 a la tercera edici\u00f3n del Santa Fe Business Forum, el gran evento internacional organizado por el Gobierno de Santa Fe en Rosario y la ciudad capital, que culmina este viernes. \u201cEste evento es una marca de la gesti\u00f3n del gobernador Pullaro y el ministro de Desarrollo Productivo, Gustavo Puccini\u201d, dijo y calific\u00f3: \u201cEl mundial de los negocios se jug\u00f3 en Santa Fe\u201d.<\/p>\n\n\n\n<p>La vocera destac\u00f3 la participaci\u00f3n de m\u00e1s de 250 compradores internacionales, provenientes de m\u00e1s de 50 pa\u00edses; m\u00e1s de 1.000 empresas argentinas; 40 fondos de inversi\u00f3n; todos ellos participando de espacios de intercambio, negocios, formaci\u00f3n, charlas.<\/p>\n\n\n\n<p>\u201cSe realizaron 4.200 rondas comerciales entre empresas santafesinas y compradores internacionales. Y las delegaciones extranjeras recorrieron 160 empresas en 60 localidades\u201d, cont\u00f3 Coudannes, destacando \u201ctodos los negocios que pudieron realizarse en el marco de este evento, para abrirse camino y proyectarse internacionalmente\u201d.<\/p>\n\n\n\n<p>Finalmente, valor\u00f3 la importancia que todos estos eventos tienen para la provincia, y en este sentido ejemplific\u00f3 que en los \u00faltimos d\u00edas \u201c58.000 turistas llegaron a Rosario y a Santa Fe; y todo esto tiene un movimiento econ\u00f3mico que impacta positivamente, superior a los $ 14.000.000.000, lo cual tambi\u00e9n es importante destacar\u201d.<\/p>\n","protected":false},"excerpt":{"rendered":"<p>La vocera del Gobierno de Santa Fe, Virginia Coudannes, se refiri\u00f3 este viernes a la&#8230;<\/p>\n","protected":false},"author":2,"featured_media":6383,"comment_status":"open","ping_status":"open","sticky":false,"template":"","format":"standard","meta":{"footnotes":""},"categories":[17],"tags":[],"class_list":["post-6380","post","type-post","status-publish","format-standard","has-post-thumbnail","hentry","category-provincia-1"],"aioseo_notices":[],"featured_image_urls":{"full":["https:\/\/edicionuno.com.ar\/wp-content\/uploads\/2026-09-04NID_287213O_1.jpeg",1140,640,false],"thumbnail":["https:\/\/edicionuno.com.ar\/wp-content\/uploads\/2026-09-04NID_287213O_1-150x150.jpeg",150,150,true],"medium":["https:\/\/edicionuno.com.ar\/wp-content\/uploads\/2026-09-04NID_287213O_1-300x168.jpeg",300,168,true],"medium_large":["https:\/\/edicionuno.com.ar\/wp-content\/uploads\/2026-09-04NID_287213O_1-768x431.jpeg",640,359,true],"large":["https:\/\/edicionuno.com.ar\/wp-content\/uploads\/2026-09-04NID_287213O_1-1024x575.jpeg",640,359,true],"1536x1536":["https:\/\/edicionuno.com.ar\/wp-content\/uploads\/2026-09-04NID_287213O_1.jpeg",1140,640,false],"2048x2048":["https:\/\/edicionuno.com.ar\/wp-content\/uploads\/2026-09-04NID_287213O_1.jpeg",1140,640,false],"covernews-slider-full":["https:\/\/edicionuno.com.ar\/wp-content\/uploads\/2026-09-04NID_287213O_1-1115x640.jpeg",1115,640,true],"covernews-slider-center":["https:\/\/edicionuno.com.ar\/wp-content\/uploads\/2026-09-04NID_287213O_1-800x500.jpeg",800,500,true],"covernews-featured":["https:\/\/edicionuno.com.ar\/wp-content\/uploads\/2026-09-04NID_287213O_1-1024x575.jpeg",1024,575,true],"covernews-medium":["https:\/\/edicionuno.com.ar\/wp-content\/uploads\/2026-09-04NID_287213O_1-540x340.jpeg",540,340,true],"covernews-medium-square":["https:\/\/edicionuno.com.ar\/wp-content\/uploads\/2026-09-04NID_287213O_1-400x250.jpeg",400,250,true]},"author_info":{"info":["Edici\u00f3n Uno"]},"category_info":"<a href=\"https:\/\/edicionuno.com.ar\/?cat=17\" rel=\"category\">Provincia 1<\/a>","tag_info":"Provincia 1","comment_count":"0","_links":{"self":[{"href":"https:\/\/edicionuno.com.ar\/index.php?rest_route=\/wp\/v2\/posts\/6380"}],"collection":[{"href":"https:\/\/edicionuno.com.ar\/index.php?rest_route=\/wp\/v2\/posts"}],"about":[{"href":"https:\/\/edicionuno.com.ar\/index.php?rest_route=\/wp\/v2\/types\/post"}],"author":[{"embeddable":true,"href":"https:\/\/edicionuno.com.ar\/index.php?rest_route=\/wp\/v2\/users\/2"}],"replies":[{"embeddable":true,"href":"https:\/\/edicionuno.com.ar\/index.php?rest_route=%2Fwp%2Fv2%2Fcomments&post=6380"}],"version-history":[{"count":1,"href":"https:\/\/edicionuno.com.ar\/index.php?rest_route=\/wp\/v2\/posts\/6380\/revisions"}],"predecessor-version":[{"id":6384,"href":"https:\/\/edicionuno.com.ar\/index.php?rest_route=\/wp\/v2\/posts\/6380\/revisions\/6384"}],"wp:featuredmedia":[{"embeddable":true,"href":"https:\/\/edicionuno.com.ar\/index.php?rest_route=\/wp\/v2\/media\/6383"}],"wp:attachment":[{"href":"https:\/\/edicionuno.com.ar\/index.php?rest_route=%2Fwp%2Fv2%2Fmedia&parent=6380"}],"wp:term":[{"taxonomy":"category","embeddable":true,"href":"https:\/\/edicionuno.com.ar\/index.php?rest_route=%2Fwp%2Fv2%2Fcategories&post=6380"},{"taxonomy":"post_tag","embeddable":true,"href":"https:\/\/edicionuno.com.ar\/index.php?rest_route=%2Fwp%2Fv2%2Ftags&post=6380"}],"curies":[{"name":"wp","href":"https:\/\/api.w.org\/{rel}","templated":true}]}}