{"id":6381,"date":"2026-09-04T12:19:41","date_gmt":"2026-09-04T15:19:41","guid":{"rendered":"https:\/\/edicionuno.com.ar\/?p=6381"},"modified":"2026-09-04T12:19:42","modified_gmt":"2026-09-04T15:19:42","slug":"la-unidad-penitenciaria-de-recreo-incorpora-monitoreo-con-inteligencia-artificial-reconocimiento-facial-e-identificacion-de-voz-para-controlar-llamadas","status":"publish","type":"post","link":"https:\/\/edicionuno.com.ar\/?p=6381","title":{"rendered":"La Unidad Penitenciaria de Recreo incorpora monitoreo con inteligencia artificial, reconocimiento facial e identificaci\u00f3n de voz para controlar llamadas"},"content":{"rendered":"\n<p>El Gobierno Provincial dej\u00f3 inaugurada la Unidad Penitenciaria N\u00b0 9 en Recreo, en el departamento La Capital, un edificio que cuenta con 891 plazas carcelarias -con uno de sus pabellones destinado a mujeres- y que permitir\u00e1 descomprimir las comisar\u00edas de la regi\u00f3n.&nbsp;<br><br>La nueva UP 9 cuenta con tres subunidades penitenciarias completas, emplazadas en el predio conocido como Colonia Penal de Recreo, sobre calle Alberdi, entre Sol\u00eds y la Ruta Nacional 11, con 475 celdas y capacidad total de 891 internos: 251 mujeres y 640 hombres. El lugar incorpora adem\u00e1s la tecnolog\u00eda m\u00e1s moderna del pa\u00eds aplicada a seguridad.<\/p>\n\n\n\n<p><strong>La c\u00e1rcel con m\u00e1s tecnolog\u00eda del pa\u00eds<\/strong><br>La inversi\u00f3n total del Gobierno Provincial alcanz\u00f3 los 80 millones de d\u00f3lares, de los cuales 25 millones fueron destinados a la incorporaci\u00f3n de \u00faltima tecnolog\u00eda, mientras que el resto se destin\u00f3 a la construcci\u00f3n.&nbsp;<br><br>La Unidad Penitenciaria N\u00b0 9 incorpora identificaci\u00f3n de voz para controlar llamadas: reconoce al detenido y a los interlocutores autorizados y corta autom\u00e1ticamente la comunicaci\u00f3n si habla otra persona. \u201cLa convierte en la c\u00e1rcel con m\u00e1s tecnolog\u00eda aplicada a la seguridad del pa\u00eds\u201d, remarc\u00f3 el gobernador, Maximiliano Pullaro.&nbsp;&nbsp;<br><br>La tecnolog\u00eda aplicada incluye adem\u00e1s monitoreo con inteligencia artificial y reconocimiento facial para detectar personas buscadas, visitantes y posibles situaciones de riesgo. El gobernador lo asemej\u00f3 al sistema Lince, que ya se usa en la ciudad de Rosario y que se implementar\u00e1 en la capital provincial pr\u00f3ximamente, que mediante Inteligencia Artificial aplicada a las c\u00e1maras de videovigilancia, ayuda a resolver con celeridad distintos tipos de delitos.&nbsp;<br><br>\u201cSe trata de un Lince carcelario que identifica los rostros de personas que vienen a la Unidad Penitenciaria y pueden tener pedidos de captura o sobre alguna situaci\u00f3n que quieran hacer los detenidos\u201d, se\u00f1al\u00f3 el mandatario provincial, quien reconoci\u00f3 que toda esta inversi\u00f3n permite contar con un sistema de monitoreo \u00fanico: \u201cComo ninguna otra c\u00e1rcel, va a permitir trabajar mucho m\u00e1s c\u00f3modos\u201d, subray\u00f3.&nbsp;<br><br><img decoding=\"async\" alt=\"\" src=\"https:\/\/www.santafe.gob.ar\/noticias\/recursos\/fotos\/2026\/09\/2026-09-03NID_287202O_2.jpeg\"><\/p>\n\n\n\n<p><strong>Eficiencia<\/strong><br>Por su parte, la secretaria de Asuntos Penales, Lucia Masneri, detall\u00f3 que en la UP 9, los agentes penitenciarios contar\u00e1n con \u201cuna unidad que durante la guardia nocturna estar\u00e1 iluminada como si fuese de d\u00eda y con c\u00e1maras que tendr\u00e1n una alerta si alguien se acerca al per\u00edmetro\u201d, en tanto que explic\u00f3 que \u201cun celador que se encuentre cubriendo la guardia de la noche en un pabell\u00f3n con una emergencia, como por ejemplo un interno acerc\u00e1ndose a la reja del otro, va a disparar una alarma, la cual podr\u00e1 activar apretando un bot\u00f3n y tendr\u00e1 a todos los grupos operativos a disposici\u00f3n\u201d.<br><br>Masneri destac\u00f3 que la inversi\u00f3n en tecnolog\u00eda es \u201cinvertir en seguridad para la sociedad y es cuidar a quienes nos cuidan\u201d, y que \u201cno es despilfarro\u201d sino una muestra de \u201ceficiencia en que los recursos santafesinos son puestos en la seguridad\u201d.<br><br><\/p>\n","protected":false},"excerpt":{"rendered":"<p>El Gobierno Provincial dej\u00f3 inaugurada la Unidad Penitenciaria N\u00b0 9 en Recreo, en el departamento&#8230;<\/p>\n","protected":false},"author":2,"featured_media":6385,"comment_status":"open","ping_status":"open","sticky":false,"template":"","format":"standard","meta":{"footnotes":""},"categories":[17],"tags":[],"class_list":["post-6381","post","type-post","status-publish","format-standard","has-post-thumbnail","hentry","category-provincia-1"],"aioseo_notices":[],"featured_image_urls":{"full":["https:\/\/edicionuno.com.ar\/wp-content\/uploads\/2026-09-03NID_287202O_1.jpeg",1140,640,false],"thumbnail":["https:\/\/edicionuno.com.ar\/wp-content\/uploads\/2026-09-03NID_287202O_1-150x150.jpeg",150,150,true],"medium":["https:\/\/edicionuno.com.ar\/wp-content\/uploads\/2026-09-03NID_287202O_1-300x168.jpeg",300,168,true],"medium_large":["https:\/\/edicionuno.com.ar\/wp-content\/uploads\/2026-09-03NID_287202O_1-768x431.jpeg",640,359,true],"large":["https:\/\/edicionuno.com.ar\/wp-content\/uploads\/2026-09-03NID_287202O_1-1024x575.jpeg",640,359,true],"1536x1536":["https:\/\/edicionuno.com.ar\/wp-content\/uploads\/2026-09-03NID_287202O_1.jpeg",1140,640,false],"2048x2048":["https:\/\/edicionuno.com.ar\/wp-content\/uploads\/2026-09-03NID_287202O_1.jpeg",1140,640,false],"covernews-slider-full":["https:\/\/edicionuno.com.ar\/wp-content\/uploads\/2026-09-03NID_287202O_1-1115x640.jpeg",1115,640,true],"covernews-slider-center":["https:\/\/edicionuno.com.ar\/wp-content\/uploads\/2026-09-03NID_287202O_1-800x500.jpeg",800,500,true],"covernews-featured":["https:\/\/edicionuno.com.ar\/wp-content\/uploads\/2026-09-03NID_287202O_1-1024x575.jpeg",1024,575,true],"covernews-medium":["https:\/\/edicionuno.com.ar\/wp-content\/uploads\/2026-09-03NID_287202O_1-540x340.jpeg",540,340,true],"covernews-medium-square":["https:\/\/edicionuno.com.ar\/wp-content\/uploads\/2026-09-03NID_287202O_1-400x250.jpeg",400,250,true]},"author_info":{"info":["Edici\u00f3n Uno"]},"category_info":"<a href=\"https:\/\/edicionuno.com.ar\/?cat=17\" rel=\"category\">Provincia 1<\/a>","tag_info":"Provincia 1","comment_count":"0","_links":{"self":[{"href":"https:\/\/edicionuno.com.ar\/index.php?rest_route=\/wp\/v2\/posts\/6381"}],"collection":[{"href":"https:\/\/edicionuno.com.ar\/index.php?rest_route=\/wp\/v2\/posts"}],"about":[{"href":"https:\/\/edicionuno.com.ar\/index.php?rest_route=\/wp\/v2\/types\/post"}],"author":[{"embeddable":true,"href":"https:\/\/edicionuno.com.ar\/index.php?rest_route=\/wp\/v2\/users\/2"}],"replies":[{"embeddable":true,"href":"https:\/\/edicionuno.com.ar\/index.php?rest_route=%2Fwp%2Fv2%2Fcomments&post=6381"}],"version-history":[{"count":1,"href":"https:\/\/edicionuno.com.ar\/index.php?rest_route=\/wp\/v2\/posts\/6381\/revisions"}],"predecessor-version":[{"id":6386,"href":"https:\/\/edicionuno.com.ar\/index.php?rest_route=\/wp\/v2\/posts\/6381\/revisions\/6386"}],"wp:featuredmedia":[{"embeddable":true,"href":"https:\/\/edicionuno.com.ar\/index.php?rest_route=\/wp\/v2\/media\/6385"}],"wp:attachment":[{"href":"https:\/\/edicionuno.com.ar\/index.php?rest_route=%2Fwp%2Fv2%2Fmedia&parent=6381"}],"wp:term":[{"taxonomy":"category","embeddable":true,"href":"https:\/\/edicionuno.com.ar\/index.php?rest_route=%2Fwp%2Fv2%2Fcategories&post=6381"},{"taxonomy":"post_tag","embeddable":true,"href":"https:\/\/edicionuno.com.ar\/index.php?rest_route=%2Fwp%2Fv2%2Ftags&post=6381"}],"curies":[{"name":"wp","href":"https:\/\/api.w.org\/{rel}","templated":true}]}}