{"id":6388,"date":"2026-09-04T12:20:56","date_gmt":"2026-09-04T15:20:56","guid":{"rendered":"https:\/\/edicionuno.com.ar\/?p=6388"},"modified":"2026-09-04T12:20:56","modified_gmt":"2026-09-04T15:20:56","slug":"fenomeno-de-el-nino-la-cuenca-baja-del-salado-mantiene-niveles-por-debajo-de-alerta","status":"publish","type":"post","link":"https:\/\/edicionuno.com.ar\/?p=6388","title":{"rendered":"Fen\u00f3meno de El Ni\u00f1o: la cuenca baja del Salado mantiene niveles por debajo de alerta"},"content":{"rendered":"\n<p>Funcionarios del Ministerio de Obras P\u00fablicas y de Protecci\u00f3n Civil de la Provincia realizaron la semana pasada un relevamiento a\u00e9reo para conocer el estado de los principales cursos de agua del norte santafesino y de la cuenca baja del r\u00edo Salado, tras las abundantes lluvias registradas en los \u00faltimos meses.<\/p>\n\n\n\n<p>El vuelo parti\u00f3 de Sauce Viejo y recorri\u00f3 los arroyos Saladillo, Golondrinas, El Rey y El Toba, adem\u00e1s del r\u00edo Salado, lagunas, ca\u00f1adas, canales, rutas y obras hidr\u00e1ulicas. Las tareas abarcaron sectores de los departamentos La Capital, San Justo, Vera, Garay, General Obligado y San Crist\u00f3bal.<\/p>\n\n\n\n<p>En lo que va de 2026, los departamentos Vera, San Justo y 9 de Julio superaron sus promedios anuales de precipitaciones, que oscilan entre 900 y 1.050 mil\u00edmetros. En algunos sectores se acumularon entre 1.200 y 1.500 mil\u00edmetros en seis meses.<\/p>\n\n\n\n<p><strong>Niveles por debajo de los umbrales de alerta<\/strong><\/p>\n\n\n\n<p>La vocera del Gobierno Provincial, Virginia Coudannes, explic\u00f3 que el gobernador Maximiliano Pullaro \u201ctom\u00f3 la decisi\u00f3n de anticiparse a la llegada de El Ni\u00f1o y trabajar con los gobiernos locales, Protecci\u00f3n Civil, el Ministerio de Obras P\u00fablicas y Vialidad Provincial en la limpieza de canales y en obras de defensa, alteo y alcantarillado\u201d.<\/p>\n\n\n\n<p>Tambi\u00e9n destac\u00f3 la articulaci\u00f3n con las juntas locales de Protecci\u00f3n Civil, la Junta Provincial -encabezada por el gobernador- y el Comit\u00e9 Interministerial de Emergencia. Coudannes se\u00f1al\u00f3 que la inspecci\u00f3n a\u00e9rea permiti\u00f3 constatar que \u201clos seis puntos de control de la cuenca del r\u00edo Salado est\u00e1n por debajo de los niveles de alerta\u201d. En Paso de las Piedras, el r\u00edo Salado registraba 5,91 metros, frente a un umbral de alerta de 7,50 metros; en San Justo, 6,16 metros, frente a 6,50; en Emilia, 4,55, frente a 5,50; en Recreo, 3,53, frente a 5,70; y en Santo Tom\u00e9, 3,23, tambi\u00e9n frente a 5,70 metros. En tanto, el r\u00edo Calchaqu\u00ed, a la altura de La Higuera, marcaba 4,36 metros, por debajo de los 5 metros de alerta.<\/p>\n\n\n\n<p>La vocera agreg\u00f3 que durante el vuelo se verific\u00f3 que \u201clos principales cursos de agua ten\u00edan capacidad para seguir recibiendo aportes y que las rutas relevadas y los puentes tambi\u00e9n funcionaban con normalidad\u201d. A la vez, reconoci\u00f3 que \u201cmuchas de esas zonas almacenan naturalmente los excedentes de lluvia y ayudan a ralentizar el avance del agua\u201d.<\/p>\n\n\n\n<p>El relevamiento mostr\u00f3 que, en el Saladillo Dulce, a la altura de La Brava, el agua circulaba sin inconvenientes y el sistema conservaba capacidad para recibir nuevos aportes. Los arroyos El Toba y Malabrigo manten\u00edan el agua dentro de sus cauces, mientras que en el arroyo El Rey se detectaron algunos bancos de sedimentos cerca de la ruta nacional 11. Esos sectores ser\u00e1n analizados para determinar si requieren tareas de limpieza, aunque no obstaculizaban el escurrimiento.<\/p>\n\n\n\n<p>En la Ca\u00f1ada de la Mu\u00f1eca se observ\u00f3 una escasa acumulaci\u00f3n de agua combinada con vegetaci\u00f3n, una condici\u00f3n propia de un ambiente de ba\u00f1ado. El canal El Ingl\u00e9s se encontraba dentro de su cauce y permit\u00eda el ingreso de maquinaria para continuar con las excavaciones previstas hasta la ruta provincial 3. El canal La Loca no presentaba circulaci\u00f3n de agua y se encontraba en condiciones de ser intervenido mediante la obra Troncales Zona Norte.<\/p>\n\n\n\n<p>Tambi\u00e9n se registr\u00f3 presencia de agua en las zonas m\u00e1s bajas del sistema del arroyo Golondrinas, en las lagunas El Bonete y El Palmar y en el valle del r\u00edo Salado. La presencia de hacienda pastando y desplaz\u00e1ndose con normalidad en ca\u00f1adas y ba\u00f1ados fue otro de los datos relevados. Seg\u00fan precisaron desde la Secretar\u00eda de Agricultura del Ministerio de Desarrollo Productivo, los animales contaban, en general, con sectores secos para descansar y con buena oferta forrajera en los campos naturales observados.<\/p>\n\n\n\n<p>En los cruces del r\u00edo Salado con las rutas provinciales 2 y 61, en San Justo y Villa Soledad, el agua se manten\u00eda dentro del cauce principal y no avanzaba hacia las zonas urbanizadas. Si bien se trata de barrios situados en el valle natural de inundaci\u00f3n del r\u00edo, durante la inspecci\u00f3n a\u00fan hab\u00eda una amplia superficie disponible para contener el agua.<\/p>\n\n\n\n<p><strong>Prevenir y trabajar en conjunto<\/strong><\/p>\n\n\n\n<p>Coudannes sostuvo que el monitoreo de los cursos de agua, las intervenciones previstas en canales y la remoci\u00f3n del terrapl\u00e9n ferroviario del Plan Circunvalar permitir\u00e1n disponer de informaci\u00f3n actualizada, mejorar el escurrimiento y anticipar respuestas en los sectores m\u00e1s sensibles. \u201cEsa obra, entre Esperanza y Candioti, concluy\u00f3 esta semana\u201d, afirm\u00f3.<br>Por \u00faltimo, destac\u00f3 el trabajo coordinado entre el Gobierno de Santa Fe, los municipios y las comunas. \u201cGobernar con prevenci\u00f3n es medir, detectar, recorrer y estar con los gobiernos locales, los productores y quienes viven en la zona, sabiendo que el fen\u00f3meno de El Ni\u00f1o involucra a todos los actores del sistema y que cada uno est\u00e1 haciendo su parte\u201d, concluy\u00f3.<\/p>\n","protected":false},"excerpt":{"rendered":"<p>Funcionarios del Ministerio de Obras P\u00fablicas y de Protecci\u00f3n Civil de la Provincia realizaron la&#8230;<\/p>\n","protected":false},"author":2,"featured_media":6391,"comment_status":"open","ping_status":"open","sticky":false,"template":"","format":"standard","meta":{"footnotes":""},"categories":[18],"tags":[],"class_list":["post-6388","post","type-post","status-publish","format-standard","has-post-thumbnail","hentry","category-provincia-2"],"aioseo_notices":[],"featured_image_urls":{"full":["https:\/\/edicionuno.com.ar\/wp-content\/uploads\/2026-09-04NID_287215O_1.jpeg",1140,640,false],"thumbnail":["https:\/\/edicionuno.com.ar\/wp-content\/uploads\/2026-09-04NID_287215O_1-150x150.jpeg",150,150,true],"medium":["https:\/\/edicionuno.com.ar\/wp-content\/uploads\/2026-09-04NID_287215O_1-300x168.jpeg",300,168,true],"medium_large":["https:\/\/edicionuno.com.ar\/wp-content\/uploads\/2026-09-04NID_287215O_1-768x431.jpeg",640,359,true],"large":["https:\/\/edicionuno.com.ar\/wp-content\/uploads\/2026-09-04NID_287215O_1-1024x575.jpeg",640,359,true],"1536x1536":["https:\/\/edicionuno.com.ar\/wp-content\/uploads\/2026-09-04NID_287215O_1.jpeg",1140,640,false],"2048x2048":["https:\/\/edicionuno.com.ar\/wp-content\/uploads\/2026-09-04NID_287215O_1.jpeg",1140,640,false],"covernews-slider-full":["https:\/\/edicionuno.com.ar\/wp-content\/uploads\/2026-09-04NID_287215O_1-1115x640.jpeg",1115,640,true],"covernews-slider-center":["https:\/\/edicionuno.com.ar\/wp-content\/uploads\/2026-09-04NID_287215O_1-800x500.jpeg",800,500,true],"covernews-featured":["https:\/\/edicionuno.com.ar\/wp-content\/uploads\/2026-09-04NID_287215O_1-1024x575.jpeg",1024,575,true],"covernews-medium":["https:\/\/edicionuno.com.ar\/wp-content\/uploads\/2026-09-04NID_287215O_1-540x340.jpeg",540,340,true],"covernews-medium-square":["https:\/\/edicionuno.com.ar\/wp-content\/uploads\/2026-09-04NID_287215O_1-400x250.jpeg",400,250,true]},"author_info":{"info":["Edici\u00f3n Uno"]},"category_info":"<a href=\"https:\/\/edicionuno.com.ar\/?cat=18\" rel=\"category\">Provincia 2<\/a>","tag_info":"Provincia 2","comment_count":"0","_links":{"self":[{"href":"https:\/\/edicionuno.com.ar\/index.php?rest_route=\/wp\/v2\/posts\/6388"}],"collection":[{"href":"https:\/\/edicionuno.com.ar\/index.php?rest_route=\/wp\/v2\/posts"}],"about":[{"href":"https:\/\/edicionuno.com.ar\/index.php?rest_route=\/wp\/v2\/types\/post"}],"author":[{"embeddable":true,"href":"https:\/\/edicionuno.com.ar\/index.php?rest_route=\/wp\/v2\/users\/2"}],"replies":[{"embeddable":true,"href":"https:\/\/edicionuno.com.ar\/index.php?rest_route=%2Fwp%2Fv2%2Fcomments&post=6388"}],"version-history":[{"count":1,"href":"https:\/\/edicionuno.com.ar\/index.php?rest_route=\/wp\/v2\/posts\/6388\/revisions"}],"predecessor-version":[{"id":6392,"href":"https:\/\/edicionuno.com.ar\/index.php?rest_route=\/wp\/v2\/posts\/6388\/revisions\/6392"}],"wp:featuredmedia":[{"embeddable":true,"href":"https:\/\/edicionuno.com.ar\/index.php?rest_route=\/wp\/v2\/media\/6391"}],"wp:attachment":[{"href":"https:\/\/edicionuno.com.ar\/index.php?rest_route=%2Fwp%2Fv2%2Fmedia&parent=6388"}],"wp:term":[{"taxonomy":"category","embeddable":true,"href":"https:\/\/edicionuno.com.ar\/index.php?rest_route=%2Fwp%2Fv2%2Fcategories&post=6388"},{"taxonomy":"post_tag","embeddable":true,"href":"https:\/\/edicionuno.com.ar\/index.php?rest_route=%2Fwp%2Fv2%2Ftags&post=6388"}],"curies":[{"name":"wp","href":"https:\/\/api.w.org\/{rel}","templated":true}]}}